{"id":1595,"date":"2020-06-27T08:00:00","date_gmt":"2020-06-27T06:00:00","guid":{"rendered":"https:\/\/blog.niederoesterreichbahnen.at\/?p=1595"},"modified":"2023-11-19T09:24:24","modified_gmt":"2023-11-19T08:24:24","slug":"im-teamtalk-andreas-markusich","status":"publish","type":"post","link":"https:\/\/blog.noevog.at\/index.php\/2020\/06\/27\/im-teamtalk-andreas-markusich\/","title":{"rendered":"Im Teamtalk: Andreas Markusich"},"content":{"rendered":"\n<p><strong>Der Berg und die Sesselbahnen, Natur und ihre Herausforderungen &#8211; das sind die Schlagworte zum Job unseres Kollegen Andres Markusich, seines Zeichens Gesch\u00e4ftsf\u00fchrer der <a href=\"http:\/\/www.gemeindealpe.at\">Bergbahnen Mitterbach<\/a>. Ob Sommer oder Winter, Andreas ist immer mit Herz und Seele dabei. Und hat ein wirklich cooles Einsatzgebiet &#8211; seht selbst!<\/strong><\/p>\n\n\n\n<div style=\"height:22px\" aria-hidden=\"true\" class=\"wp-block-spacer\"><\/div>\n\n\n<div class=\"wp-block-image\">\n<figure class=\"aligncenter size-large\"><img decoding=\"async\" src=\"https:\/\/blog.noevog.at\/wp-content\/uploads\/2020\/06\/Einweisen-C15-Birkischlepper-Tal_Ma-1024x484.jpg\" alt=\"\" class=\"wp-image-1597\"\/><figcaption class=\"wp-element-caption\">Hier weist Andreas (rechts) einen Hubschrauber ein &#8211; cool oder? \u00a9Bergbahnen Mitterbach<\/figcaption><\/figure>\n<\/div>\n\n\n<div style=\"height:21px\" aria-hidden=\"true\" class=\"wp-block-spacer\"><\/div>\n\n\n\n<p><strong>1. Ich hei\u00dfe<\/strong>&#8230; <em>Andreas Markusich<\/em>.&nbsp;&nbsp;&nbsp;&nbsp;&nbsp;&nbsp;&nbsp;&nbsp; <\/p>\n\n\n\n<p><strong>2. Ich bin&#8230;<\/strong> <em>seit mehr als f\u00fcnfzehn Jahren mit Freude Seilbahner auf der Gemeindealpe<\/em> Mitterbach.&nbsp; &nbsp;&nbsp;&nbsp;&nbsp;&nbsp;&nbsp;&nbsp;&nbsp;&nbsp;&nbsp;&nbsp;&nbsp;&nbsp;&nbsp;&nbsp;&nbsp;&nbsp;&nbsp;&nbsp;&nbsp;&nbsp;&nbsp; <\/p>\n\n\n\n<p><strong>3. Ich mag&#8230;<\/strong> <em>die Stille und den Sonnenaufgang auf \u201emeinem\u201c Berg am fr\u00fchen Morgen<\/em>.<\/p>\n\n\n\n<p><strong>4. Das erste, das ich morgens mache ist&#8230;<\/strong> <em>Emails schreiben und das Leitsystem pr\u00fcfen<\/em>.<\/p>\n\n\n\n<p><strong>5. Mein Lieblingsplatz bei den Nieder\u00f6sterreich Bahnen&#8230;<\/strong> ist <em>auf der Gemeindealpe<\/em>.<\/p>\n\n\n\n<p><strong>6. Wenn ich ein Fahrzeug w\u00e4re, w\u00e4re&#8230;<\/strong> <em>ich ein Pistenger\u00e4t &#8211; \u00fcber 500 PS, volle Power, aber langsam \ud83d\ude09<\/em><\/p>\n\n\n\n<p><strong>7. Mein Job in drei Worten&#8230; <\/strong><em>traumhaft, manchmal herausfordernd<\/em>.<\/p>\n\n\n\n<p><strong>8. Du solltest auch bei uns arbeiten, weil&#8230;<\/strong> wir <em>abwechslungsreiche T\u00e4tigkeiten und ein gro\u00dfartiges eingespieltes Team in einer wundersch\u00f6nen Gegend bieten<\/em>.<\/p>\n\n\n\n<p><strong>9. Drei Dinge, die bei einem Ausflug auf die Gemeindealpe nicht fehlen d\u00fcrfen&#8230;<\/strong> <em>sind ordentliches Schuhwerk, ein Smartphone oder eine Kamera zum Fotografieren und gute Laune &#8211; der Spa\u00df kommt von alleine<\/em>.<\/p>\n\n\n\n<p><strong>7. Jobwunsch als Kind&#8230; <\/strong><em>war Elektrotechniker<\/em>.<\/p>\n\n\n\n<div style=\"height:29px\" aria-hidden=\"true\" class=\"wp-block-spacer\"><\/div>\n\n\n\n<figure class=\"wp-block-gallery has-nested-images columns-default is-cropped wp-block-gallery-1 is-layout-flex wp-block-gallery-is-layout-flex\">\n<figure class=\"wp-block-image size-large\"><img decoding=\"async\" data-id=\"1600\" src=\"https:\/\/blog.noevog.at\/wp-content\/uploads\/2020\/06\/2019-Montagearbeiten-Panoramakamer-auf-ORS-Mast-4-1-1024x1024.jpeg\" alt=\"\" class=\"wp-image-1600\"\/><\/figure>\n\n\n\n<figure class=\"wp-block-image size-large\"><img decoding=\"async\" data-id=\"1601\" src=\"https:\/\/blog.noevog.at\/wp-content\/uploads\/2020\/06\/2018-03-01-Motorschlitten-Ma-1-1024x1014.jpg\" alt=\"\" class=\"wp-image-1601\"\/><\/figure>\n<figcaption class=\"blocks-gallery-caption wp-element-caption\">Links montiert Andreas eine Panoramakamera an einem Mast in luftiger H\u00f6he, rechts ist er in seinem Element und am Berg unterwegs. \u00a9Bergbahnen Mitterbach<\/figcaption><\/figure>\n\n\n\n<div style=\"height:28px\" aria-hidden=\"true\" class=\"wp-block-spacer\"><\/div>\n\n\n\n<p><strong>Mehr Neuigkeiten von den Nieder\u00f6sterreich Bahnen regelm\u00e4\u00dfig ins Postfach? Hier f\u00fcr unseren Newsletter anmelden: <\/strong><a rel=\"noreferrer noopener\" href=\"https:\/\/www.noevog.at\/newsletter\" target=\"_blank\"><strong>Zur Anmeldung<\/strong><\/a><strong>.<\/strong><br><\/p>\n","protected":false},"excerpt":{"rendered":"<p>Der Berg und die Sesselbahnen, Natur und ihre Herausforderungen &#8211; das sind die Schlagworte zum Job unseres Kollegen Andres Markusich, seines Zeichens Gesch\u00e4ftsf\u00fchrer der Bergbahnen Mitterbach. Ob Sommer oder Winter, Andreas ist immer mit Herz und Seele dabei. Und hat ein wirklich cooles Einsatzgebiet &#8211; seht selbst! 1. Ich hei\u00dfe&#8230; Andreas Markusich.&nbsp;&nbsp;&nbsp;&nbsp;&nbsp;&nbsp;&nbsp;&nbsp; 2. Ich bin&#8230; seit mehr als f\u00fcnfzehn Jahren mit Freude Seilbahner auf der Gemeindealpe Mitterbach.&nbsp; &nbsp;&nbsp;&nbsp;&nbsp;&nbsp;&nbsp;&nbsp;&nbsp;&nbsp;&nbsp;&nbsp;&nbsp;&nbsp;&nbsp;&nbsp;&nbsp;&nbsp;&nbsp;&nbsp;&nbsp;&nbsp;&nbsp; 3. Ich mag&#8230; die Stille und den Sonnenaufgang auf \u201emeinem\u201c Berg am fr\u00fchen Morgen. 4. Das erste, das ich morgens mache ist&#8230; Emails schreiben und das Leitsystem pr\u00fcfen. 5. Mein Lieblingsplatz bei den Nieder\u00f6sterreich Bahnen&#8230; ist auf der Gemeindealpe. 6. Wenn ich ein Fahrzeug w\u00e4re, w\u00e4re&#8230; ich ein Pistenger\u00e4t &#8211; \u00fcber 500 PS, volle Power, aber langsam \ud83d\ude09 7. Mein Job in drei Worten&#8230; traumhaft, manchmal herausfordernd. 8. Du solltest auch bei uns arbeiten, weil&#8230; wir abwechslungsreiche T\u00e4tigkeiten und ein gro\u00dfartiges eingespieltes Team in einer wundersch\u00f6nen Gegend bieten. 9. Drei Dinge, die bei einem Ausflug auf die Gemeindealpe nicht fehlen d\u00fcrfen&#8230; sind ordentliches Schuhwerk, ein Smartphone oder eine Kamera zum Fotografieren und gute Laune &#8211; der Spa\u00df kommt von alleine. 7. Jobwunsch als Kind&#8230; war Elektrotechniker. Mehr Neuigkeiten von den Nieder\u00f6sterreich Bahnen regelm\u00e4\u00dfig ins Postfach? Hier f\u00fcr unseren Newsletter anmelden: Zur Anmeldung.<\/p>\n","protected":false},"author":2,"featured_media":195163,"comment_status":"closed","ping_status":"closed","sticky":false,"template":"","format":"standard","meta":{"footnotes":""},"categories":[13],"tags":[108,72,40,34,32,53],"class_list":["post-1595","post","type-post","status-publish","format-standard","has-post-thumbnail","hentry","category-menschen","tag-draussenzuhause","tag-berg","tag-gemeindealpe-mitterbach","tag-niederoesterreich-bahnen","tag-teamtalk","tag-technik"],"acf":[],"_links":{"self":[{"href":"https:\/\/blog.noevog.at\/index.php\/wp-json\/wp\/v2\/posts\/1595","targetHints":{"allow":["GET"]}}],"collection":[{"href":"https:\/\/blog.noevog.at\/index.php\/wp-json\/wp\/v2\/posts"}],"about":[{"href":"https:\/\/blog.noevog.at\/index.php\/wp-json\/wp\/v2\/types\/post"}],"author":[{"embeddable":true,"href":"https:\/\/blog.noevog.at\/index.php\/wp-json\/wp\/v2\/users\/2"}],"replies":[{"embeddable":true,"href":"https:\/\/blog.noevog.at\/index.php\/wp-json\/wp\/v2\/comments?post=1595"}],"version-history":[{"count":1,"href":"https:\/\/blog.noevog.at\/index.php\/wp-json\/wp\/v2\/posts\/1595\/revisions"}],"predecessor-version":[{"id":196006,"href":"https:\/\/blog.noevog.at\/index.php\/wp-json\/wp\/v2\/posts\/1595\/revisions\/196006"}],"wp:featuredmedia":[{"embeddable":true,"href":"https:\/\/blog.noevog.at\/index.php\/wp-json\/wp\/v2\/media\/195163"}],"wp:attachment":[{"href":"https:\/\/blog.noevog.at\/index.php\/wp-json\/wp\/v2\/media?parent=1595"}],"wp:term":[{"taxonomy":"category","embeddable":true,"href":"https:\/\/blog.noevog.at\/index.php\/wp-json\/wp\/v2\/categories?post=1595"},{"taxonomy":"post_tag","embeddable":true,"href":"https:\/\/blog.noevog.at\/index.php\/wp-json\/wp\/v2\/tags?post=1595"}],"curies":[{"name":"wp","href":"https:\/\/api.w.org\/{rel}","templated":true}]}}