{"id":196542,"date":"2024-05-23T21:52:55","date_gmt":"2024-05-23T19:52:55","guid":{"rendered":"https:\/\/blog.niederoesterreichbahnen.at\/?p=196542"},"modified":"2024-05-23T21:59:03","modified_gmt":"2024-05-23T19:59:03","slug":"pack-die-ganze-gruppe-ein-tagesausfluege-fuer-schulen-vereine-co","status":"publish","type":"post","link":"https:\/\/blog.noevog.at\/index.php\/2024\/05\/23\/pack-die-ganze-gruppe-ein-tagesausfluege-fuer-schulen-vereine-co\/","title":{"rendered":"Pack die ganze Gruppe ein \u2013 Tagesausfl\u00fcge f\u00fcr Schulen, Vereine &amp; Co."},"content":{"rendered":"\n<p><strong>Einfach mal wieder eine gute Auszeit mit der eigenen Schulklasse, Kolleginnen und Kollegen oder Vereinsspezies erleben: Wenn der Ausflug <strong>\u2013 z.B. in die Wachau, ins Waldviertel oder auf die Gemeindealpe \u2013<\/strong><\/strong> <strong>eine au\u00dfergew\u00f6hnliche Bahnreise mit interessanten Zielen kombiniert, wird er sogar zum echten Ausflugserlebnis mit Wiederholungsbedarf. Jede unserer gro\u00dfartigen Nieder\u00f6sterreich Bahnen bietet Kombi-Angebote f\u00fcr Gruppenausfl\u00fcge, die wir gerne an eure W\u00fcnsche anpassen. Unser Team steht euch mit Rat und Tat zur Seite \u2013 schm\u00f6kert schon mal vorab, wir sehen uns an Bord!<\/strong><\/p>\n\n\n\n<div style=\"height:40px\" aria-hidden=\"true\" class=\"wp-block-spacer\"><\/div>\n\n\n\n<figure class=\"wp-block-image size-large\"><img loading=\"lazy\" decoding=\"async\" width=\"1024\" height=\"683\" src=\"https:\/\/blog.noevog.at\/wp-content\/uploads\/2024\/05\/BBM_Sesselliftfahrt_cschwarz-koenig-1024x683.jpg\" alt=\"\" class=\"wp-image-196583\" srcset=\"https:\/\/blog.noevog.at\/wp-content\/uploads\/2024\/05\/BBM_Sesselliftfahrt_cschwarz-koenig-1024x683.jpg 1024w, https:\/\/blog.noevog.at\/wp-content\/uploads\/2024\/05\/BBM_Sesselliftfahrt_cschwarz-koenig-300x200.jpg 300w, https:\/\/blog.noevog.at\/wp-content\/uploads\/2024\/05\/BBM_Sesselliftfahrt_cschwarz-koenig-768x512.jpg 768w, https:\/\/blog.noevog.at\/wp-content\/uploads\/2024\/05\/BBM_Sesselliftfahrt_cschwarz-koenig-1536x1025.jpg 1536w, https:\/\/blog.noevog.at\/wp-content\/uploads\/2024\/05\/BBM_Sesselliftfahrt_cschwarz-koenig-1140x760.jpg 1140w, https:\/\/blog.noevog.at\/wp-content\/uploads\/2024\/05\/BBM_Sesselliftfahrt_cschwarz-koenig.jpg 2048w\" sizes=\"auto, (max-width: 1024px) 100vw, 1024px\" \/><figcaption class=\"wp-element-caption\">Umgeben von Nadelw\u00e4ldern, Almwiesen und Bergketten \u2013<strong> <\/strong>w\u00e4hrend der Sesselliftfahrt auf der Gemeindealpe habt ihr Zeit f\u00fcr ein Selfie mit Panorama. \u00a9NB\/Schwarz-K\u00f6nig<\/figcaption><\/figure>\n\n\n\n<div style=\"height:40px\" aria-hidden=\"true\" class=\"wp-block-spacer\"><\/div>\n\n\n\n<p><strong>Bergpartie auf der Gemeindealpe Mitterbach<\/strong> <\/p>\n\n\n\n<p>Unser Angebot <strong><a href=\"https:\/\/www.gemeindealpe.at\/\" target=\"_blank\" rel=\"noreferrer noopener\">Gemeindealpe<\/a><\/strong> bietet viele M\u00f6glichkeiten: Das Basis-Paket beinhaltet die An- und Abreise mit der komfortablen Himmelstreppe unserer <strong><a href=\"https:\/\/www.niederoesterreichbahnen.at\/\" target=\"_blank\" rel=\"noreferrer noopener\">Mariazellerbahn<\/a><\/strong>, beispielsweise ab St. P\u00f6lten, sowie eine Berg- und Talfahrt mit unseren beiden Sesselbahnen der Gemeindealpe. Das idyllische Mitterbach und die Gemeindealpe liegen wald- und bergreich eingebettet in Nieder\u00f6sterreichs gr\u00f6\u00dftem <strong><a href=\"https:\/\/www.naturpark-oetscher.at\/\" target=\"_blank\" rel=\"noreferrer noopener\">Naturpark \u00d6tscher-Torm\u00e4uer<\/a><\/strong>. Der Gemeindealpe-Gipfel liegt auf \u00fcber 1.600 Meter Seeh\u00f6he und bietet einen fantastischen Rundumblick auf imposante Gipfelketten inklusive Bergmajest\u00e4t \u00d6tscher, den sagenumwobenen Erlaufsee und steirischen Wallfahrtsort Mariazell.<\/p>\n\n\n\n<p><strong>Was kann ich dort erleben?<\/strong> Beispielsweise eine rasante Talfahrt auf der rund 4,6 km langen <strong><a href=\"https:\/\/www.gemeindealpe.at\/mountaincarts-2\" target=\"_blank\" rel=\"noreferrer noopener\">Mountaincart-Strecke<\/a><\/strong>: Die wendigen Mountaincarts k\u00f6nnt ihr ausleihen, sie sind in verschiedenen Gr\u00f6\u00dfen erh\u00e4ltlich, besondere Fahrkenntnisse braucht man keine. Die Abfahrt startet nahe der Mittelstation und endet direkt bei der Talstation. Noch ein Freizeitvergn\u00fcgen: Ihr testet eure Geschicklichkeit im <strong><a href=\"https:\/\/www.gemeindealpe.at\/crawler-parcours\" target=\"_blank\" rel=\"noreferrer noopener\">Crawler-Parcours<\/a><\/strong> mit den ferngesteuerten Leih-Modellautos \u2013 mitunter eine echte Challenge. Kulinarisch versorgt das versierte Team des Bergrestaurants <strong><a href=\"https:\/\/www.gemeindealpe.at\/terzerhaus-1\" target=\"_blank\" rel=\"noreferrer noopener\">Terzerhaus<\/a><\/strong> seine G\u00e4ste, direkt an der Gipfelstation gelegen. Erholung pur findet ihr auf dem Gipfelareal: Bequeme Sonnenliegen laden zum Ausspannen ein, der moderner Spielplatz animiert zum Austoben.\u00a0<\/p>\n\n\n\n<p>Ein bereits fertig geschn\u00fcrtes Sommer-Angebot f\u00fcr Gruppen haben wir nat\u00fcrlich parat! Unter <strong><a href=\"https:\/\/www.gemeindealpe.at\/gruppenangebot-sommer-gemeindealpe\" target=\"_blank\" rel=\"noreferrer noopener\">&#8222;Sommer auf der Gemeindealpe&#8220;<\/a><\/strong> findet ihr alle Details und Kontaktdaten.<\/p>\n\n\n\n<div style=\"height:40px\" aria-hidden=\"true\" class=\"wp-block-spacer\"><\/div>\n\n\n\n<figure class=\"wp-block-image size-large\"><img loading=\"lazy\" decoding=\"async\" width=\"1024\" height=\"877\" src=\"https:\/\/blog.noevog.at\/wp-content\/uploads\/2024\/05\/Mountaincart_cMarkusich-1024x877.jpg\" alt=\"\" class=\"wp-image-196635\" srcset=\"https:\/\/blog.noevog.at\/wp-content\/uploads\/2024\/05\/Mountaincart_cMarkusich-1024x877.jpg 1024w, https:\/\/blog.noevog.at\/wp-content\/uploads\/2024\/05\/Mountaincart_cMarkusich-300x257.jpg 300w, https:\/\/blog.noevog.at\/wp-content\/uploads\/2024\/05\/Mountaincart_cMarkusich-768x658.jpg 768w, https:\/\/blog.noevog.at\/wp-content\/uploads\/2024\/05\/Mountaincart_cMarkusich-1140x977.jpg 1140w, https:\/\/blog.noevog.at\/wp-content\/uploads\/2024\/05\/Mountaincart_cMarkusich.jpg 1417w\" sizes=\"auto, (max-width: 1024px) 100vw, 1024px\" \/><figcaption class=\"wp-element-caption\">Eine Mountaincart-Fahrt die ist lustig, ein Mountaincart-Fahrt die ist fein! Finden wir auch. \ud83d\ude0e \u00a9NB\/Markusich<\/figcaption><\/figure>\n\n\n\n<div style=\"height:40px\" aria-hidden=\"true\" class=\"wp-block-spacer\"><\/div>\n\n\n\n<p><strong>Tipp:<\/strong> Am 8. und 9. Juni findet das Vereins- und Gruppenspecial <strong><a href=\"https:\/\/www.gemeindealpe.at\/gipfeltreffen\" target=\"_blank\" rel=\"noreferrer noopener\">\u201eGipfeltreffen\u201c<\/a><\/strong> statt \u2013 mit Verg\u00fcnstigungen f\u00fcr Gruppen ab 20 Personen.<\/p>\n\n\n\n<div style=\"height:40px\" aria-hidden=\"true\" class=\"wp-block-spacer\"><\/div>\n\n\n\n<figure class=\"wp-block-image size-large\"><img loading=\"lazy\" decoding=\"async\" width=\"1024\" height=\"683\" src=\"https:\/\/blog.noevog.at\/wp-content\/uploads\/2024\/05\/SSB_Salamander_Wanderer_cschwarz-koenig-1024x683.jpg\" alt=\"\" class=\"wp-image-196622\" srcset=\"https:\/\/blog.noevog.at\/wp-content\/uploads\/2024\/05\/SSB_Salamander_Wanderer_cschwarz-koenig-1024x683.jpg 1024w, https:\/\/blog.noevog.at\/wp-content\/uploads\/2024\/05\/SSB_Salamander_Wanderer_cschwarz-koenig-300x200.jpg 300w, https:\/\/blog.noevog.at\/wp-content\/uploads\/2024\/05\/SSB_Salamander_Wanderer_cschwarz-koenig-768x512.jpg 768w, https:\/\/blog.noevog.at\/wp-content\/uploads\/2024\/05\/SSB_Salamander_Wanderer_cschwarz-koenig-1536x1024.jpg 1536w, https:\/\/blog.noevog.at\/wp-content\/uploads\/2024\/05\/SSB_Salamander_Wanderer_cschwarz-koenig-1140x760.jpg 1140w, https:\/\/blog.noevog.at\/wp-content\/uploads\/2024\/05\/SSB_Salamander_Wanderer_cschwarz-koenig.jpg 1779w\" sizes=\"auto, (max-width: 1024px) 100vw, 1024px\" \/><figcaption class=\"wp-element-caption\">Die Fahrt mit dem &#8222;Salamander&#8220; auf den Schneeberg z\u00e4hlt bereits zu den Ausflugsklassikern Nieder\u00f6sterreichs und ist jedes Mal ein Erlebnis. \u00a9NB\/Schwarz-K\u00f6nig<\/figcaption><\/figure>\n\n\n\n<div style=\"height:40px\" aria-hidden=\"true\" class=\"wp-block-spacer\"><\/div>\n\n\n\n<p><strong>Mit der Zahnradbahn ins alpine Wandergebiet des Schneebergs<\/strong><\/p>\n\n\n\n<p>Nieder\u00f6sterreichs h\u00f6chster Berggipfel bietet stattliche 2.076 Meter Seeh\u00f6he und z\u00e4hlt als Teil der Wiener Alpen zu den Wiener Hausbergen. Erklimmen kann man das alpine Reich des markanten Schneebergs jedoch im urgem\u00fctlichen Entschleunigungstempo: Die historische Zahnradbahnstrecke der <a href=\"http:\/\/www.schneebergbahn.at\" target=\"_blank\" rel=\"noreferrer noopener\"><strong>Schneebergbahn<\/strong><\/a> f\u00fchrt vom Bahnhof Puchberg durch Waldlichtungen und Almwiesen bis zum h\u00f6chstgelegenen Bahnhof \u00d6sterreichs \u2013 dem Bergbahnhof Hochschneeberg. Rund 45 Minuten dauert die Bergfahrt in den modernen Garnituren des \u201eSalamanders\u201c, danach stehen zahlreiche Routen f\u00fcr lange und kurze Wanderungen und mehrere H\u00fctten zum Einkehren zur Auswahl.<\/p>\n\n\n\n<p><strong>Tipp:<\/strong> Wer zur\u00fcck ins Tal marschiert, sollte einen Zwischenstopp bei der Station Baumgartner einplanen \u2013 die stets frischen Buchteln sind eine flaumig-s\u00fc\u00dfe St\u00e4rkung f\u00fcr Gro\u00df und Klein.<\/p>\n\n\n\n<p>Nat\u00fcrlich gibt\u2019s bereits einen fix-fertigen \u201eAusflugsvorschlag To Go\u201c f\u00fcr Gruppen ab 20 Personen, bei dem ihr das Bahn- und Naturerlebnis inklusive Kulinarik-Genuss unter einen Wanderhut bekommt!  Unter <strong><a href=\"https:\/\/www.schneebergbahn.at\/gruppenangebot-ein-tag-natur-genusserlebnis\" data-type=\"link\" data-id=\"https:\/\/www.schneebergbahn.at\/gruppenangebot-ein-tag-natur-genusserlebnis\" target=\"_blank\" rel=\"noreferrer noopener\">&#8222;Schneebergbahn&#8220;<\/a><\/strong> findet ihr s\u00e4mtliche Details und Kontaktdaten. <\/p>\n\n\n\n<p><strong>Gut zu wissen:<\/strong> Puchberg am Schneeberg ist \u00f6ffentlich gut erreichbar \u2013 zwischen den Bahnh\u00f6fen Wiener Neustadt und Puchberg verkehren regelm\u00e4\u00dfig Z\u00fcge, auch an den Wochenenden! Ideal f\u00fcr G\u00e4ste aus Wien plus Umgebung sowie aus Graz.<\/p>\n\n\n\n<div style=\"height:40px\" aria-hidden=\"true\" class=\"wp-block-spacer\"><\/div>\n\n\n\n<figure class=\"wp-block-image size-large\"><img loading=\"lazy\" decoding=\"async\" width=\"1024\" height=\"682\" src=\"https:\/\/blog.noevog.at\/wp-content\/uploads\/2024\/05\/WHB_DonaucNB_Schwarz-Koenig-1024x682.jpg\" alt=\"\" class=\"wp-image-196594\" srcset=\"https:\/\/blog.noevog.at\/wp-content\/uploads\/2024\/05\/WHB_DonaucNB_Schwarz-Koenig-1024x682.jpg 1024w, https:\/\/blog.noevog.at\/wp-content\/uploads\/2024\/05\/WHB_DonaucNB_Schwarz-Koenig-300x200.jpg 300w, https:\/\/blog.noevog.at\/wp-content\/uploads\/2024\/05\/WHB_DonaucNB_Schwarz-Koenig-768x512.jpg 768w, https:\/\/blog.noevog.at\/wp-content\/uploads\/2024\/05\/WHB_DonaucNB_Schwarz-Koenig-1536x1023.jpg 1536w, https:\/\/blog.noevog.at\/wp-content\/uploads\/2024\/05\/WHB_DonaucNB_Schwarz-Koenig-2048x1364.jpg 2048w, https:\/\/blog.noevog.at\/wp-content\/uploads\/2024\/05\/WHB_DonaucNB_Schwarz-Koenig-1140x759.jpg 1140w\" sizes=\"auto, (max-width: 1024px) 100vw, 1024px\" \/><figcaption class=\"wp-element-caption\">Die wundersch\u00f6ne Wachau l\u00e4sst sich mit unserer Wachaubahn abseits aller Stra\u00dfen entspannt und individuell entdecken \u2013 ideal f\u00fcr anspruchsvolle Gruppenausfl\u00fcge. \u00a9NB\/Schwarz-K\u00f6nig<\/figcaption><\/figure>\n\n\n\n<div style=\"height:40px\" aria-hidden=\"true\" class=\"wp-block-spacer\"><\/div>\n\n\n\n<p><strong>Panoramafahrt durchs UNESCO-Weltkulturerbe Wachau<\/strong><\/p>\n\n\n\n<p>Von Krems bis Emmersdorf pendelt die traditionsreiche <strong><a href=\"http:\/\/www.wachaubahn.at\" target=\"_blank\" rel=\"noreferrer noopener\">Wachaubahn<\/a><\/strong> durch das weltber\u00fchmte Weinanbaugebiet Wachau: Immer entlang der Donau, vorbei an h\u00e4ngenden Rebeng\u00e4rten und idyllischen Ortschaften mit vielen Sehensw\u00fcrdigkeiten. Die erh\u00f6hte Trassierung der Bahn erm\u00f6glicht wunderbare Aussichten \u2013 ideal f\u00fcr Ausfl\u00fcge in geselliger Runde. <\/p>\n\n\n\n<p>Eines unserer Kombiangebote startet in Krems, f\u00fchrt ins legendenreiche D\u00fcrnstein und verw\u00f6hnt nach einer Kellerf\u00fchrung durch die <strong><a href=\"https:\/\/www.domaene-wachau.at\/de\/\" target=\"_blank\" rel=\"noreferrer noopener\">Dom\u00e4ne Wachau<\/a><\/strong> mit edlen Tropfen aus der Region. Unter <strong><a href=\"https:\/\/www.wachaubahn.at\/bahn-kultur-und-wein-ab-krems\" target=\"_blank\" rel=\"noreferrer noopener\">&#8222;Kultur &amp; Wein&#8220;<\/a><\/strong> k\u00f6nnt ihr Details und Kontakte nachlesen.<\/p>\n\n\n\n<p><strong>Alles Marille!<\/strong> Wo, wenn nicht in der Wachau, erf\u00e4hrt man alles rund um das beliebte Steinobst, das in der Wachau bestens gedeiht und in teils historischen Obstg\u00e4rten sorgf\u00e4ltig kultiviert wird? Genauer kennenlernen k\u00f6nnt ihr das runde Gl\u00fcck im Obstkorb w\u00e4hrend eines Gruppenausfluges. Buchbare Termine gibt&#8217;s bis 1. November. Unter <strong><a href=\"https:\/\/www.wachaubahn.at\/alles-marille-1\" target=\"_blank\" rel=\"noreferrer noopener\">&#8222;Wachauer Marille&#8220;<\/a><\/strong> findet ihr alle Infos.<\/p>\n\n\n\n<p><strong>Sei kein Esel, mach den Eself\u00fchrerschein!<\/strong> Bei diesem aufregenden Abenteuer kommen nicht nur Tierfreunde auf ihre Kosten: Mit der Wachaubahn f\u00e4hrt ihr bis Emmersdorf, ein Traktor- Heuwagengespann bringt euch vom Bahnhof direkt zur Eselkoppel in P\u00f6mling. Die verwegene Eselsbande vor Ort fordert  eure Geschicklichkeit und euer Einf\u00fchlungsverm\u00f6gen rund zwei Stunden heraus. Wie ihr dahin kommt, steht unter <strong><a href=\"https:\/\/www.wachaubahn.at\/wachaubahn-eselabenteuer-mit-eselfuehrerschein\" target=\"_blank\" rel=\"noreferrer noopener\">&#8222;Eselsbande P\u00f6mling&#8220;<\/a><\/strong> \u2013 viel Vergn\u00fcgen!<\/p>\n\n\n\n<div style=\"height:40px\" aria-hidden=\"true\" class=\"wp-block-spacer\"><\/div>\n\n\n\n<figure class=\"wp-block-image size-large\"><img loading=\"lazy\" decoding=\"async\" width=\"1024\" height=\"680\" src=\"https:\/\/blog.noevog.at\/wp-content\/uploads\/2024\/05\/WVB_Diesel-NostalgiegarniturcNB_Mikscha-1024x680.jpg\" alt=\"\" class=\"wp-image-196599\" srcset=\"https:\/\/blog.noevog.at\/wp-content\/uploads\/2024\/05\/WVB_Diesel-NostalgiegarniturcNB_Mikscha-1024x680.jpg 1024w, https:\/\/blog.noevog.at\/wp-content\/uploads\/2024\/05\/WVB_Diesel-NostalgiegarniturcNB_Mikscha-300x199.jpg 300w, https:\/\/blog.noevog.at\/wp-content\/uploads\/2024\/05\/WVB_Diesel-NostalgiegarniturcNB_Mikscha-768x510.jpg 768w, https:\/\/blog.noevog.at\/wp-content\/uploads\/2024\/05\/WVB_Diesel-NostalgiegarniturcNB_Mikscha-1536x1020.jpg 1536w, https:\/\/blog.noevog.at\/wp-content\/uploads\/2024\/05\/WVB_Diesel-NostalgiegarniturcNB_Mikscha-2048x1360.jpg 2048w, https:\/\/blog.noevog.at\/wp-content\/uploads\/2024\/05\/WVB_Diesel-NostalgiegarniturcNB_Mikscha-1140x757.jpg 1140w\" sizes=\"auto, (max-width: 1024px) 100vw, 1024px\" \/><figcaption class=\"wp-element-caption\">Waldviertler Bl\u00fctentraum \u2013 die Mohnbl\u00fcte im Fr\u00fchsommer. Entlang der Waldviertelbahn k\u00f6nnen Reisegruppen au\u00dferdem richtig viel unternehmen. \u00a9NB\/Mikscha<\/figcaption><\/figure>\n\n\n\n<div style=\"height:40px\" aria-hidden=\"true\" class=\"wp-block-spacer\"><\/div>\n\n\n\n<p><strong>Waldviertler Entdeckungsreise auf Schmalspurschienen<\/strong><\/p>\n\n\n\n<p>Entlang der idyllischen <strong><a href=\"https:\/\/www.waldviertelbahn.at\/\" target=\"_blank\" rel=\"noreferrer noopener\">Waldviertelbahnstrecke<\/a><\/strong> erwarten euch ab Gm\u00fcnd viele themenbezogene Ausflugsziele: Ihr k\u00f6nnt das Bahnerlebnis mit dem Besuch einer K\u00e4serei oder eines Braubetriebes kombinieren, ihr k\u00f6nnt in der Sonnenwelt Gro\u00dfsch\u00f6nau durch 12 Zeitzonen wandeln, euch von der Welt der Eisenbahn faszinieren lassen oder \u00fcber die Kunstfertigkeit traditioneller Glasbl\u00e4ser staunen.<\/p>\n\n\n\n<p><strong>Ist doch K\u00e4se!<\/strong> Los geht&#8217;s ab Gm\u00fcnd bis Litschau, wo zuerst das Eisenbahnmuseum besucht werden kann. Nach dem Mittagessen wird der Betrieb der <strong><a href=\"https:\/\/www.kaesemacher.at\/de\" target=\"_blank\" rel=\"noreferrer noopener\">\u201eK\u00e4semacher\u201c<\/a><\/strong> besichtigt und mit einer kleinen Verkostungsrunde abgeschlossen. Weitere Infos zum Angebot findet ihr unter <strong><a href=\"https:\/\/www.waldviertelbahn.at\/nostalgiebahn-und-kaesemacher\" target=\"_blank\" rel=\"noreferrer noopener\">&#8222;Cheese&#8220;<\/a><\/strong> \ud83d\ude42<\/p>\n\n\n\n<p><strong>Hopfen und Malz, Mensch und Bahn<\/strong> \u2013 diese Ausflugskombination startet in Weitra und verbindet den gepflegten Biergenuss mit der Faszination Eisenbahn. F\u00fcr Details klickt bitte auf unser Angebot <strong><a href=\"https:\/\/www.waldviertelbahn.at\/weitra-bier-schloss-und-bahn\" target=\"_blank\" rel=\"noreferrer noopener\">&#8222;Bier, Schloss &amp; Bahn&#8220;<\/a><\/strong>.<\/p>\n\n\n\n<p><strong>Sonnenenergie, das antike Rom und die Eisenbahn<\/strong> \u2013 dieser Ausflug zur <strong><a href=\"https:\/\/www.sonnenwelt.at\/page.asp\/-\/index.htm\" target=\"_blank\" rel=\"noreferrer noopener\">Sonnenwelt Gro\u00dfsch\u00f6nau<\/a><\/strong> ist beinahe eine Forschungsreise \u2013 ideal f\u00fcr Gruppen mit Kindern und Wissensdurstigen. Details zu dieser Kombination findet ihr unter <strong><a href=\"https:\/\/www.sonnenwelt.at\/page.asp\/-\/index.htm\" target=\"_blank\" rel=\"noreferrer noopener\">&#8222;Sonnenwelt&#8220;<\/a><\/strong>.<\/p>\n\n\n\n<p><strong>Wir leben in einer gl\u00e4sernen Welt!<\/strong> Diese Aussage bekommt bei unserer Ausflug-Kombination gleich eine andere Bedeutung: In der <strong>Glaswelt Apfelthaler<\/strong> lernt ihr das traditionsreiche Kunsthandwerk der Glasbl\u00e4ser besser kennen, im <strong>Glasschaugarten Alt-Nagelberg<\/strong> staunt ihr \u00fcber fantasievolle Glasobjekte. Nachlesen k\u00f6nnt ihr diese Ausflugsidee unter <strong><a href=\"https:\/\/www.waldviertelbahn.at\/glasmacher-eisenbahner\" target=\"_blank\" rel=\"noreferrer noopener\">&#8222;Glasgarten&#8220;<\/a><\/strong>.<\/p>\n\n\n\n<div style=\"height:40px\" aria-hidden=\"true\" class=\"wp-block-spacer\"><\/div>\n\n\n\n<figure class=\"wp-block-image size-large\"><img loading=\"lazy\" decoding=\"async\" width=\"1024\" height=\"683\" src=\"https:\/\/blog.noevog.at\/wp-content\/uploads\/2024\/05\/REB_Familienausflug_cNB_Schwarz-Koenig-1024x683.jpg\" alt=\"\" class=\"wp-image-196607\" srcset=\"https:\/\/blog.noevog.at\/wp-content\/uploads\/2024\/05\/REB_Familienausflug_cNB_Schwarz-Koenig-1024x683.jpg 1024w, https:\/\/blog.noevog.at\/wp-content\/uploads\/2024\/05\/REB_Familienausflug_cNB_Schwarz-Koenig-300x200.jpg 300w, https:\/\/blog.noevog.at\/wp-content\/uploads\/2024\/05\/REB_Familienausflug_cNB_Schwarz-Koenig-768x512.jpg 768w, https:\/\/blog.noevog.at\/wp-content\/uploads\/2024\/05\/REB_Familienausflug_cNB_Schwarz-Koenig-1536x1024.jpg 1536w, https:\/\/blog.noevog.at\/wp-content\/uploads\/2024\/05\/REB_Familienausflug_cNB_Schwarz-Koenig-2048x1366.jpg 2048w, https:\/\/blog.noevog.at\/wp-content\/uploads\/2024\/05\/REB_Familienausflug_cNB_Schwarz-Koenig-1140x760.jpg 1140w\" sizes=\"auto, (max-width: 1024px) 100vw, 1024px\" \/><figcaption class=\"wp-element-caption\">Die wahrscheinlich sch\u00f6nste Verbindung des Wald- und Weinviertels: unser Reblaus Express! \ud83d\ude0d\u00a9NB\/Schwarz-K\u00f6nig<\/figcaption><\/figure>\n\n\n\n<div style=\"height:40px\" aria-hidden=\"true\" class=\"wp-block-spacer\"><\/div>\n\n\n\n<p><strong>Nostalgisch unterwegs im Wald- und Weinviertel<\/strong><\/p>\n\n\n\n<p>Nostalgisch unterwegs und bestens bewirtet seid ihr in unserem charmanten <strong><a href=\"https:\/\/www.reblausexpress.at\/\" data-type=\"link\" data-id=\"https:\/\/www.reblausexpress.at\/\" target=\"_blank\" rel=\"noreferrer noopener\">Reblaus Express<\/a>:<\/strong> Als Wein- und Genusszug f\u00e4hrt der beliebte Heurigenwaggon auf der rund 40 km langen Strecke immer mit. Die dunkelgr\u00fcne Nostalgie-Garnitur pendelt in gem\u00fctlichem Tempo durch die stille Landschaft und verbindet dabei das Wein- mit dem Waldviertel. Unsere Gruppenausfl\u00fcge nehmen euch mit auf eine Kr\u00e4utergartenschau mit Kr\u00e4uterpfarrer Benedikt, eine idyllische Radtour oder kurzweilige F\u00fchrung durch die historische Stadt Drosendorf.<\/p>\n\n\n\n<p><strong>Kr\u00e4uterwissen und Historie<\/strong> \u2013 der Ausflug zum <strong>Pr\u00e4monstratenserstift Geras<\/strong> startet in Retz. Durch den Kr\u00e4utergarten vor Ort f\u00fchrt Kr\u00e4uterpfarrer Benedikt, auch das Stift kann besichtigt werden. Die Details k\u00f6nnt ihr unter <strong><a href=\"https:\/\/www.reblausexpress.at\/mit-dem-kraeuterpfarrer-unterwegs-2\" target=\"_blank\" rel=\"noreferrer noopener\">&#8222;Unterwegs im Kr\u00e4utergarten&#8220;<\/a><\/strong> nachlesen.<\/p>\n\n\n\n<p>Via 51 km langem <strong>Reblaus Express-Radweg<\/strong> k\u00f6nnen Radlbegeisterte mit diesem Angebot die St\u00e4dte Drosendorf und Retz erkunden. Weitere Infos zur idyllischen Radtour findet ihr unter <strong><a href=\"https:\/\/www.reblausexpress.at\/bahn-und-bike\" target=\"_blank\" rel=\"noreferrer noopener\">&#8222;Bahn &amp; Bike&#8220;<\/a><\/strong>.<\/p>\n\n\n\n<p><strong>Nostalgie, Heimatgeschichte und Kulinarik <\/strong>\u2013 Drosendorf ist die einzige Stadt \u00d6sterreichs, die noch von einer vollst\u00e4ndig erhaltenen Stadtmauer umgeben wird. Alle Termine und Infos zur Stadtf\u00fchrung mit anschlie\u00dfender Einkehrm\u00f6glichkeit beim <strong><a href=\"https:\/\/www.weinkutscher.at\/\" target=\"_blank\" rel=\"noreferrer noopener\">Bio Weingut Reinthaler<\/a><\/strong> sind unter <strong><a href=\"https:\/\/www.reblausexpress.at\/nostalgische-genussreise\" target=\"_blank\" rel=\"noreferrer noopener\">&#8222;Historisches Stadterlebnis&#8220;<\/a> <\/strong>abrufbar.<\/p>\n\n\n\n<div style=\"height:40px\" aria-hidden=\"true\" class=\"wp-block-spacer\"><\/div>\n\n\n\n<figure class=\"wp-block-image size-large\"><img loading=\"lazy\" decoding=\"async\" width=\"1024\" height=\"723\" src=\"https:\/\/blog.noevog.at\/wp-content\/uploads\/2024\/05\/Mariazellerbahn_cNB_Weinfranz-1024x723.jpg\" alt=\"\" class=\"wp-image-196611\" srcset=\"https:\/\/blog.noevog.at\/wp-content\/uploads\/2024\/05\/Mariazellerbahn_cNB_Weinfranz-1024x723.jpg 1024w, https:\/\/blog.noevog.at\/wp-content\/uploads\/2024\/05\/Mariazellerbahn_cNB_Weinfranz-300x212.jpg 300w, https:\/\/blog.noevog.at\/wp-content\/uploads\/2024\/05\/Mariazellerbahn_cNB_Weinfranz-768x542.jpg 768w, https:\/\/blog.noevog.at\/wp-content\/uploads\/2024\/05\/Mariazellerbahn_cNB_Weinfranz-1536x1084.jpg 1536w, https:\/\/blog.noevog.at\/wp-content\/uploads\/2024\/05\/Mariazellerbahn_cNB_Weinfranz-1140x805.jpg 1140w, https:\/\/blog.noevog.at\/wp-content\/uploads\/2024\/05\/Mariazellerbahn_cNB_Weinfranz.jpg 1951w\" sizes=\"auto, (max-width: 1024px) 100vw, 1024px\" \/><figcaption class=\"wp-element-caption\">Unsere golden lackierte Himmelstreppe im besten Ausflugswetter-Licht &#8211; ideal f\u00fcr euren Gruppenausflug mit der Mariazellerbahn. \u00a9NB\/Weinfranz<\/figcaption><\/figure>\n\n\n\n<div style=\"height:40px\" aria-hidden=\"true\" class=\"wp-block-spacer\"><\/div>\n\n\n\n<p><strong>Mit der Mariazellerbahn durchs Dirndltal<\/strong><\/p>\n\n\n\n<p>Unsere <strong><a href=\"https:\/\/www.mariazellerbahn.at\/\" data-type=\"link\" data-id=\"https:\/\/www.mariazellerbahn.at\/\" target=\"_blank\" rel=\"noreferrer noopener\">Mariazellerbahn<\/a><\/strong> startet in der nieder\u00f6sterreichischen Landeshauptstadt St. P\u00f6lten und f\u00e4hrt bis zum steirischen Wallfahrtsort Mariazell. Sie bringt euch gem\u00fctlich durchs malerische Dirndltal, wo sie beispielsweise in Kirchberg an der Pielach stoppt. Direkt an der Basis des Naturparks \u00d6tscher-Torm\u00e4uer macht sie in Wienerbruck-Josefsberg Halt. Aus- und einsteigen k\u00f6nnt ihr auch in den Wandergebiet-Orten Annaberg und Mitterbach, um beispielsweise zur nahen Sessellift-Talstation unserer Gemeindealpe Mitterbach zu spazieren. Ihr habt die Wahl zwischen einer gem\u00fctlichen Fahrt mit der <strong><a href=\"https:\/\/www.mariazellerbahn.at\/die-himmelstreppe-2\" target=\"_blank\" rel=\"noreferrer noopener\">Himmelstreppe<\/a><\/strong>, dem Familien-Erlebniszug <strong><a href=\"https:\/\/www.mariazellerbahn.at\/erlebniszug\" target=\"_blank\" rel=\"noreferrer noopener\">\u00d6tscherb\u00e4r<\/a><\/strong> oder dem gro\u00dfz\u00fcgig verglasten <strong><a href=\"https:\/\/www.mariazellerbahn.at\/panoramawagen\" target=\"_blank\" rel=\"noreferrer noopener\">Panoramawagen<\/a><\/strong>.<\/p>\n\n\n\n<p>Mit der Kombination<strong> Himmelstreppe<\/strong> plus <strong>F\u00fchrung durch das Betriebszentrum Laubenbachm\u00fchle<\/strong> bekommt ihr Zutritt in das beeindruckende Zuhause unserer modernen Himmelstreppe, inklusive Werkstatt. Interesse? Unter <strong><a href=\"https:\/\/www.mariazellerbahn.at\/fahrt-mit-der-himmelstreppe-ins-betriebszentrum-laubenbachmuehle\" target=\"_blank\" rel=\"noreferrer noopener\">&#8222;Himmelstreppe&#8220;<\/a><\/strong> k\u00f6nnt ihr euch \u00fcber das Angebot umfassend informieren.<\/p>\n\n\n\n<p><strong>Cabriofeeling und Spielwagen<\/strong> \u2013 mit dem Familien-Erlebniszug \u00d6tscherb\u00e4r genie\u00dft deine Kindergruppe ein tolles Bahnerlebnis und Freizeitprogramm! Im luftigen Cabriowagen erlebt ihr den Sommer von seiner besten Seite, ein Besuch auf der <strong><a href=\"https:\/\/www.mariazellerbahn.at\/angebote-fuer-fahrgaeste-mzb\/o-mariazellerbahn-und-buergeralpe\" target=\"_blank\" rel=\"noreferrer noopener\">Mariazeller B\u00fcrgeralpe<\/a><\/strong> oder in der <strong><a href=\"https:\/\/www.lebkuchen-pirker.at\/\" target=\"_blank\" rel=\"noreferrer noopener\">erLEBzelterei der Firma Pirker<\/a><\/strong> (bei Schlechtwetter) l\u00e4sst den Ausflug mit vielen Eindr\u00fccken ausklingen.&nbsp;F\u00fcr weitere Infos klickt bitte auf <strong><a href=\"https:\/\/www.mariazellerbahn.at\/erlebniszug-oetscherbaer-gruppe\" target=\"_blank\" rel=\"noreferrer noopener\">&#8222;\u00d6tscherb\u00e4r-Kombi&#8220;<\/a><\/strong>.<\/p>\n\n\n\n<p><strong>Genuss pur mit viel Natur<\/strong> \u2013 im aussichtsreichen Panoramawagen entspannt ihr ab St. P\u00f6lten bei einem Fr\u00fchst\u00fcck eurer Wahl bis Wienerbruck-Josefsberg, wo ihr zu einer idyllischen Wanderung im Naturpark \u00d6tscher-Torm\u00e4uer aufbrechen k\u00f6nnt. Details gibt&#8217;s unter <strong><a href=\"https:\/\/www.mariazellerbahn.at\/panoramawagen-fruehstueck-und-naturpark\" target=\"_blank\" rel=\"noreferrer noopener\">&#8222;Panowagen-Gruppenkombi&#8220;<\/a><\/strong>.<\/p>\n\n\n\n<div style=\"height:40px\" aria-hidden=\"true\" class=\"wp-block-spacer\"><\/div>\n\n\n\n<figure class=\"wp-block-image size-large\"><img loading=\"lazy\" decoding=\"async\" width=\"1024\" height=\"683\" src=\"https:\/\/blog.noevog.at\/wp-content\/uploads\/2024\/05\/WHB_Kaffeepause_Bhf_cschwarz-koenig-1024x683.jpg\" alt=\"\" class=\"wp-image-196614\" srcset=\"https:\/\/blog.noevog.at\/wp-content\/uploads\/2024\/05\/WHB_Kaffeepause_Bhf_cschwarz-koenig-1024x683.jpg 1024w, https:\/\/blog.noevog.at\/wp-content\/uploads\/2024\/05\/WHB_Kaffeepause_Bhf_cschwarz-koenig-300x200.jpg 300w, https:\/\/blog.noevog.at\/wp-content\/uploads\/2024\/05\/WHB_Kaffeepause_Bhf_cschwarz-koenig-768x512.jpg 768w, https:\/\/blog.noevog.at\/wp-content\/uploads\/2024\/05\/WHB_Kaffeepause_Bhf_cschwarz-koenig-1536x1025.jpg 1536w, https:\/\/blog.noevog.at\/wp-content\/uploads\/2024\/05\/WHB_Kaffeepause_Bhf_cschwarz-koenig-1140x760.jpg 1140w, https:\/\/blog.noevog.at\/wp-content\/uploads\/2024\/05\/WHB_Kaffeepause_Bhf_cschwarz-koenig.jpg 1820w\" sizes=\"auto, (max-width: 1024px) 100vw, 1024px\" \/><figcaption class=\"wp-element-caption\">Zeit f\u00fcr einen Plausch! In diesem Fall auf dem idyllischen Wachaubahn Bahnhof D\u00fcrnstein. \u00a9NB\/Schwarz-K\u00f6nig<\/figcaption><\/figure>\n\n\n\n<div style=\"height:40px\" aria-hidden=\"true\" class=\"wp-block-spacer\"><\/div>\n\n\n\n<p><strong>Kontakt und Beratung<\/strong> \u2013 Ihr seid noch unsicher, welches Angebot zu eurer Gruppe passt? Ihr plant lieber individuell und ben\u00f6tigt noch ein paar Infos? Ihr wollt direkt buchen? Wir stehen euch mit Rat und Tat zur Seite! Hier k\u00f6nnt ihr durch einen Teil unserer Gruppenangebote schm\u00f6kern: <a href=\"https:\/\/www.niederoesterreichbahnen.at\/gruppenangebot\" target=\"_blank\" rel=\"noreferrer noopener\"><strong>Euer Ausflug auf Schiene<\/strong><\/a>.<\/p>\n\n\n\n<p>Unter <strong>+43 2742 360 990-1000<\/strong> erreicht ihr t\u00e4glich von <strong>7:30 Uhr bis 18:00<\/strong> <strong>Uhr<\/strong> unser <strong>Infocenter-Team<\/strong>. Alternativ k\u00f6nnt ihr uns auch eine E-Mail an <a href=\"mailto:info@niederoesterreichbahnen.at\"><strong>info@niederoesterreichbahnen.at<\/strong><\/a> schreiben.<\/p>\n\n\n\n<div style=\"height:40px\" aria-hidden=\"true\" class=\"wp-block-spacer\"><\/div>\n\n\n\n<p><strong>Last but not least:<\/strong>&nbsp;Du willst mehr Neuigkeiten von den Nieder\u00f6sterreich Bahnen regelm\u00e4\u00dfig ins Postfach? Melde dich hier f\u00fcr unseren&nbsp;<strong>Newsletter<\/strong>&nbsp;an:&nbsp;<strong><a href=\"https:\/\/www.niederoesterreichbahnen.at\/newsletter\" target=\"_blank\" rel=\"noreferrer noopener\">Zur Anmeldung<\/a><\/strong>.<\/p>\n\n\n\n<p><\/p>\n","protected":false},"excerpt":{"rendered":"<p>Einfach mal wieder eine gute Auszeit mit der eigenen Schulklasse, Kolleginnen und Kollegen oder Vereinsspezies erleben: Wenn der Ausflug \u2013 z.B. in die Wachau, ins Waldviertel oder auf die Gemeindealpe \u2013 eine au\u00dfergew\u00f6hnliche Bahnreise mit interessanten Zielen kombiniert, wird er sogar zum echten Ausflugserlebnis mit Wiederholungsbedarf. Jede unserer gro\u00dfartigen Nieder\u00f6sterreich Bahnen bietet Kombi-Angebote f\u00fcr Gruppenausfl\u00fcge, die wir gerne an eure W\u00fcnsche anpassen. Unser Team steht euch mit Rat und Tat zur Seite \u2013 schm\u00f6kert schon mal vorab, wir sehen uns an Bord! Bergpartie auf der Gemeindealpe Mitterbach Unser Angebot Gemeindealpe bietet viele M\u00f6glichkeiten: Das Basis-Paket beinhaltet die An- und Abreise mit der komfortablen Himmelstreppe unserer Mariazellerbahn, beispielsweise ab St. P\u00f6lten, sowie eine Berg- und Talfahrt mit unseren beiden Sesselbahnen der Gemeindealpe. Das idyllische Mitterbach und die Gemeindealpe liegen wald- und bergreich eingebettet in Nieder\u00f6sterreichs gr\u00f6\u00dftem Naturpark \u00d6tscher-Torm\u00e4uer. Der Gemeindealpe-Gipfel liegt auf \u00fcber 1.600 Meter Seeh\u00f6he und bietet einen fantastischen Rundumblick auf imposante Gipfelketten inklusive Bergmajest\u00e4t \u00d6tscher, den sagenumwobenen Erlaufsee und steirischen Wallfahrtsort Mariazell. Was kann ich dort erleben? Beispielsweise eine rasante Talfahrt auf der rund 4,6 km langen Mountaincart-Strecke: Die wendigen Mountaincarts k\u00f6nnt ihr ausleihen, sie sind in verschiedenen Gr\u00f6\u00dfen erh\u00e4ltlich, besondere Fahrkenntnisse braucht man keine. Die Abfahrt startet nahe der Mittelstation und endet direkt bei der Talstation. Noch ein Freizeitvergn\u00fcgen: Ihr testet eure Geschicklichkeit im Crawler-Parcours mit den ferngesteuerten Leih-Modellautos \u2013 mitunter eine echte Challenge. Kulinarisch versorgt das versierte Team des Bergrestaurants Terzerhaus seine G\u00e4ste, direkt an der Gipfelstation gelegen. Erholung pur findet ihr auf dem Gipfelareal: Bequeme Sonnenliegen laden zum Ausspannen ein, der moderner Spielplatz animiert zum Austoben.\u00a0 Ein bereits fertig geschn\u00fcrtes Sommer-Angebot f\u00fcr Gruppen haben wir nat\u00fcrlich parat! Unter &#8222;Sommer auf der Gemeindealpe&#8220; findet ihr alle Details und Kontaktdaten. Tipp: Am 8. und 9. Juni findet das Vereins- und Gruppenspecial \u201eGipfeltreffen\u201c statt \u2013 mit Verg\u00fcnstigungen f\u00fcr Gruppen ab 20 Personen. Mit der Zahnradbahn ins alpine Wandergebiet des Schneebergs Nieder\u00f6sterreichs h\u00f6chster Berggipfel bietet stattliche 2.076 Meter Seeh\u00f6he und z\u00e4hlt als Teil der Wiener Alpen zu den Wiener Hausbergen. Erklimmen kann man das alpine Reich des markanten Schneebergs jedoch im urgem\u00fctlichen Entschleunigungstempo: Die historische Zahnradbahnstrecke der Schneebergbahn f\u00fchrt vom Bahnhof Puchberg durch Waldlichtungen und Almwiesen bis zum h\u00f6chstgelegenen Bahnhof \u00d6sterreichs \u2013 dem Bergbahnhof Hochschneeberg. Rund 45 Minuten dauert die Bergfahrt in den modernen Garnituren des \u201eSalamanders\u201c, danach stehen zahlreiche Routen f\u00fcr lange und kurze Wanderungen und mehrere H\u00fctten zum Einkehren zur Auswahl. Tipp: Wer zur\u00fcck ins Tal marschiert, sollte einen Zwischenstopp bei der Station Baumgartner einplanen \u2013 die stets frischen Buchteln sind eine flaumig-s\u00fc\u00dfe St\u00e4rkung f\u00fcr Gro\u00df und Klein. Nat\u00fcrlich gibt\u2019s bereits einen fix-fertigen \u201eAusflugsvorschlag To Go\u201c f\u00fcr Gruppen ab 20 Personen, bei dem ihr das Bahn- und Naturerlebnis inklusive Kulinarik-Genuss unter einen Wanderhut bekommt! Unter &#8222;Schneebergbahn&#8220; findet ihr s\u00e4mtliche Details und Kontaktdaten. Gut zu wissen: Puchberg am Schneeberg ist \u00f6ffentlich gut erreichbar \u2013 zwischen den Bahnh\u00f6fen Wiener Neustadt und Puchberg verkehren regelm\u00e4\u00dfig Z\u00fcge, auch an den Wochenenden! Ideal f\u00fcr G\u00e4ste aus Wien plus Umgebung sowie aus Graz. Panoramafahrt durchs UNESCO-Weltkulturerbe Wachau Von Krems bis Emmersdorf pendelt die traditionsreiche Wachaubahn durch das weltber\u00fchmte Weinanbaugebiet Wachau: Immer entlang der Donau, vorbei an h\u00e4ngenden Rebeng\u00e4rten und idyllischen Ortschaften mit vielen Sehensw\u00fcrdigkeiten. Die erh\u00f6hte Trassierung der Bahn erm\u00f6glicht wunderbare Aussichten \u2013 ideal f\u00fcr Ausfl\u00fcge in geselliger Runde. Eines unserer Kombiangebote startet in Krems, f\u00fchrt ins legendenreiche D\u00fcrnstein und verw\u00f6hnt nach einer Kellerf\u00fchrung durch die Dom\u00e4ne Wachau mit edlen Tropfen aus der Region. Unter &#8222;Kultur &amp; Wein&#8220; k\u00f6nnt ihr Details und Kontakte nachlesen. Alles Marille! Wo, wenn nicht in der Wachau, erf\u00e4hrt man alles rund um das beliebte Steinobst, das in der Wachau bestens gedeiht und in teils historischen Obstg\u00e4rten sorgf\u00e4ltig kultiviert wird? Genauer kennenlernen k\u00f6nnt ihr das runde Gl\u00fcck im Obstkorb w\u00e4hrend eines Gruppenausfluges. Buchbare Termine gibt&#8217;s bis 1. November. Unter &#8222;Wachauer Marille&#8220; findet ihr alle Infos. Sei kein Esel, mach den Eself\u00fchrerschein! Bei diesem aufregenden Abenteuer kommen nicht nur Tierfreunde auf ihre Kosten: Mit der Wachaubahn f\u00e4hrt ihr bis Emmersdorf, ein Traktor- Heuwagengespann bringt euch vom Bahnhof direkt zur Eselkoppel in P\u00f6mling. Die verwegene Eselsbande vor Ort fordert eure Geschicklichkeit und euer Einf\u00fchlungsverm\u00f6gen rund zwei Stunden heraus. Wie ihr dahin kommt, steht unter &#8222;Eselsbande P\u00f6mling&#8220; \u2013 viel Vergn\u00fcgen! Waldviertler Entdeckungsreise auf Schmalspurschienen Entlang der idyllischen Waldviertelbahnstrecke erwarten euch ab Gm\u00fcnd viele themenbezogene Ausflugsziele: Ihr k\u00f6nnt das Bahnerlebnis mit dem Besuch einer K\u00e4serei oder eines Braubetriebes kombinieren, ihr k\u00f6nnt in der Sonnenwelt Gro\u00dfsch\u00f6nau durch 12 Zeitzonen wandeln, euch von der Welt der Eisenbahn faszinieren lassen oder \u00fcber die Kunstfertigkeit traditioneller Glasbl\u00e4ser staunen. Ist doch K\u00e4se! Los geht&#8217;s ab Gm\u00fcnd bis Litschau, wo zuerst das Eisenbahnmuseum besucht werden kann. Nach dem Mittagessen wird der Betrieb der \u201eK\u00e4semacher\u201c besichtigt und mit einer kleinen Verkostungsrunde abgeschlossen. Weitere Infos zum Angebot findet ihr unter &#8222;Cheese&#8220; \ud83d\ude42 Hopfen und Malz, Mensch und Bahn \u2013 diese Ausflugskombination startet in Weitra und verbindet den gepflegten Biergenuss mit der Faszination Eisenbahn. F\u00fcr Details klickt bitte auf unser Angebot &#8222;Bier, Schloss &amp; Bahn&#8220;. Sonnenenergie, das antike Rom und die Eisenbahn \u2013 dieser Ausflug zur Sonnenwelt Gro\u00dfsch\u00f6nau ist beinahe eine Forschungsreise \u2013 ideal f\u00fcr Gruppen mit Kindern und Wissensdurstigen. Details zu dieser Kombination findet ihr unter &#8222;Sonnenwelt&#8220;. Wir leben in einer gl\u00e4sernen Welt! Diese Aussage bekommt bei unserer Ausflug-Kombination gleich eine andere Bedeutung: In der Glaswelt Apfelthaler lernt ihr das traditionsreiche Kunsthandwerk der Glasbl\u00e4ser besser kennen, im Glasschaugarten Alt-Nagelberg staunt ihr \u00fcber fantasievolle Glasobjekte. Nachlesen k\u00f6nnt ihr diese Ausflugsidee unter &#8222;Glasgarten&#8220;. Nostalgisch unterwegs im Wald- und Weinviertel Nostalgisch unterwegs und bestens bewirtet seid ihr in unserem charmanten Reblaus Express: Als Wein- und Genusszug f\u00e4hrt der beliebte Heurigenwaggon auf der rund 40 km langen Strecke immer mit. Die dunkelgr\u00fcne Nostalgie-Garnitur pendelt in gem\u00fctlichem Tempo durch die stille Landschaft und verbindet dabei das Wein- mit dem Waldviertel. Unsere Gruppenausfl\u00fcge nehmen euch mit auf eine Kr\u00e4utergartenschau mit Kr\u00e4uterpfarrer Benedikt, eine idyllische Radtour oder kurzweilige F\u00fchrung durch die historische Stadt Drosendorf. Kr\u00e4uterwissen und Historie \u2013 der Ausflug zum Pr\u00e4monstratenserstift Geras startet in Retz. Durch den Kr\u00e4utergarten vor Ort f\u00fchrt Kr\u00e4uterpfarrer Benedikt, auch das Stift kann besichtigt werden. Die Details k\u00f6nnt ihr unter &#8222;Unterwegs im Kr\u00e4utergarten&#8220; nachlesen. Via 51 km langem Reblaus Express-Radweg k\u00f6nnen Radlbegeisterte mit diesem Angebot die St\u00e4dte Drosendorf und Retz erkunden. Weitere Infos zur idyllischen Radtour findet ihr unter &#8222;Bahn &amp; Bike&#8220;. Nostalgie, Heimatgeschichte und Kulinarik \u2013 Drosendorf ist die einzige Stadt \u00d6sterreichs, die noch von einer vollst\u00e4ndig erhaltenen Stadtmauer umgeben wird. Alle Termine und Infos zur Stadtf\u00fchrung mit anschlie\u00dfender Einkehrm\u00f6glichkeit beim Bio Weingut Reinthaler sind unter &#8222;Historisches Stadterlebnis&#8220; abrufbar. Mit der Mariazellerbahn durchs Dirndltal Unsere Mariazellerbahn startet in der nieder\u00f6sterreichischen Landeshauptstadt St. P\u00f6lten und f\u00e4hrt bis zum steirischen Wallfahrtsort Mariazell. Sie bringt euch gem\u00fctlich durchs malerische Dirndltal, wo sie beispielsweise in Kirchberg an der Pielach stoppt. Direkt an der Basis des Naturparks \u00d6tscher-Torm\u00e4uer macht sie in Wienerbruck-Josefsberg Halt. Aus- und einsteigen k\u00f6nnt ihr auch in den Wandergebiet-Orten Annaberg und Mitterbach, um beispielsweise zur nahen Sessellift-Talstation unserer Gemeindealpe Mitterbach zu spazieren. Ihr habt die Wahl zwischen einer gem\u00fctlichen Fahrt mit der Himmelstreppe, dem Familien-Erlebniszug \u00d6tscherb\u00e4r oder dem gro\u00dfz\u00fcgig verglasten Panoramawagen. Mit der Kombination Himmelstreppe plus F\u00fchrung durch das Betriebszentrum Laubenbachm\u00fchle bekommt ihr Zutritt in das beeindruckende Zuhause unserer modernen Himmelstreppe, inklusive Werkstatt. Interesse? Unter &#8222;Himmelstreppe&#8220; k\u00f6nnt ihr euch \u00fcber das Angebot umfassend informieren. Cabriofeeling und Spielwagen \u2013 mit dem Familien-Erlebniszug \u00d6tscherb\u00e4r genie\u00dft deine Kindergruppe ein tolles Bahnerlebnis und Freizeitprogramm! Im luftigen Cabriowagen erlebt ihr den Sommer von seiner besten Seite, ein Besuch auf der Mariazeller B\u00fcrgeralpe oder in der erLEBzelterei der Firma Pirker (bei Schlechtwetter) l\u00e4sst den Ausflug mit vielen Eindr\u00fccken ausklingen.&nbsp;F\u00fcr weitere Infos klickt bitte auf &#8222;\u00d6tscherb\u00e4r-Kombi&#8220;. Genuss pur mit viel Natur \u2013 im aussichtsreichen Panoramawagen entspannt ihr ab St. P\u00f6lten bei einem Fr\u00fchst\u00fcck eurer Wahl bis Wienerbruck-Josefsberg, wo ihr zu einer idyllischen Wanderung im Naturpark \u00d6tscher-Torm\u00e4uer aufbrechen k\u00f6nnt. Details gibt&#8217;s unter &#8222;Panowagen-Gruppenkombi&#8220;. Kontakt und Beratung \u2013 Ihr seid noch unsicher, welches Angebot zu eurer Gruppe passt? Ihr plant lieber individuell und ben\u00f6tigt noch ein paar Infos? Ihr wollt direkt buchen? Wir stehen euch mit Rat und Tat zur Seite! Hier k\u00f6nnt ihr durch einen Teil unserer Gruppenangebote schm\u00f6kern: Euer Ausflug auf Schiene. Unter +43 2742 360 990-1000 erreicht ihr t\u00e4glich von 7:30 Uhr bis 18:00 Uhr unser Infocenter-Team. Alternativ k\u00f6nnt ihr uns auch eine E-Mail an info@niederoesterreichbahnen.at schreiben. Last but not least:&nbsp;Du willst mehr Neuigkeiten von den Nieder\u00f6sterreich Bahnen regelm\u00e4\u00dfig ins Postfach? Melde dich hier f\u00fcr unseren&nbsp;Newsletter&nbsp;an:&nbsp;Zur Anmeldung.<\/p>\n","protected":false},"author":2,"featured_media":196581,"comment_status":"open","ping_status":"open","sticky":false,"template":"","format":"standard","meta":{"footnotes":""},"categories":[11],"tags":[241,239,236,40,238,233,229,228,22,232,34,24,234,25,230,240,235,231,77,27,237],"class_list":["post-196542","post","type-post","status-publish","format-standard","has-post-thumbnail","hentry","category-freizeit","tag-ausflugsziele-niederoesterreich","tag-domaene-wachau","tag-erlebzelterei-pirker","tag-gemeindealpe-mitterbach","tag-glaswelt-apfelthaler","tag-gruppen-angebote","tag-gruppenausflug","tag-gruppenreise","tag-mariazellerbahn","tag-mitarbeitertag","tag-niederoesterreich-bahnen","tag-reblaus-express","tag-salamander-zug","tag-schneebergbahn","tag-schulausflug","tag-schutzhuette-baumgartner","tag-sonnenwelt-grossschoenau","tag-vereinsausflug","tag-wachaubahn","tag-waldviertelbahn","tag-weingut-reinthaler"],"acf":[],"_links":{"self":[{"href":"https:\/\/blog.noevog.at\/index.php\/wp-json\/wp\/v2\/posts\/196542","targetHints":{"allow":["GET"]}}],"collection":[{"href":"https:\/\/blog.noevog.at\/index.php\/wp-json\/wp\/v2\/posts"}],"about":[{"href":"https:\/\/blog.noevog.at\/index.php\/wp-json\/wp\/v2\/types\/post"}],"author":[{"embeddable":true,"href":"https:\/\/blog.noevog.at\/index.php\/wp-json\/wp\/v2\/users\/2"}],"replies":[{"embeddable":true,"href":"https:\/\/blog.noevog.at\/index.php\/wp-json\/wp\/v2\/comments?post=196542"}],"version-history":[{"count":53,"href":"https:\/\/blog.noevog.at\/index.php\/wp-json\/wp\/v2\/posts\/196542\/revisions"}],"predecessor-version":[{"id":196642,"href":"https:\/\/blog.noevog.at\/index.php\/wp-json\/wp\/v2\/posts\/196542\/revisions\/196642"}],"wp:featuredmedia":[{"embeddable":true,"href":"https:\/\/blog.noevog.at\/index.php\/wp-json\/wp\/v2\/media\/196581"}],"wp:attachment":[{"href":"https:\/\/blog.noevog.at\/index.php\/wp-json\/wp\/v2\/media?parent=196542"}],"wp:term":[{"taxonomy":"category","embeddable":true,"href":"https:\/\/blog.noevog.at\/index.php\/wp-json\/wp\/v2\/categories?post=196542"},{"taxonomy":"post_tag","embeddable":true,"href":"https:\/\/blog.noevog.at\/index.php\/wp-json\/wp\/v2\/tags?post=196542"}],"curies":[{"name":"wp","href":"https:\/\/api.w.org\/{rel}","templated":true}]}}